{"id":99748,"date":"2023-01-06T15:10:54","date_gmt":"2023-01-06T18:10:54","guid":{"rendered":"http:\/\/168.197.48.234\/?p=99748"},"modified":"2023-05-30T19:18:22","modified_gmt":"2023-05-30T22:18:22","slug":"informacion-sobre-productos-de-madera-y-reciclaje","status":"publish","type":"post","link":"http:\/\/raulmonaco.com.ar\/index.php\/2023\/01\/06\/informacion-sobre-productos-de-madera-y-reciclaje\/","title":{"rendered":"Informaci\u00f3n sobre productos de madera y reciclaje"},"content":{"rendered":"<section class=\"vc_row wpb_row vc_row-fluid  vc_custom_1550573520859\"><div class=\"wpb_column vc_column_container col-xs-mobile-fullwidth vc_col-sm-12\"><div class=\"vc_column-inner\"><div class=\"wpb_wrapper\"><div class=\"text-block-content hongo-text-block-1 last-paragraph-no-margin\"><p>Un producto fabricado con madera tiene un ciclo de vida m\u00e1s largo de lo que podr\u00edamos imaginar. Cuando pareciera que termina la vida \u00fatil de un manufacturado de madera, aparecen numerosas posibilidades de reutilizaci\u00f3n. Por ejemplo, viejas vigas pueden ser utilizadas como pavimento, transform\u00e1ndose en un fascinante elemento decorativo, o pueden ser utilizadas como tablones para distintos usos.<\/p>\n<p>La madera triturada puede recuperarse y desarrollar un nuevo papel en la composici\u00f3n de tableros y aglomerados utilizados en distintos campos: arquitectura, industria y decoraci\u00f3n. Adem\u00e1s, se puede utilizar la viruta para transformarla en celulosa.<\/p>\n<p>La madera tambi\u00e9n se puede convertir en una mezcla org\u00e1nica descompuesta y transformada en un fertilizante natural para la tierra, porque la viruta y el aserr\u00edn son materiales ricos en carbono, lo cual es ideal para generar compost. Para producir una tonelada de aglomerado, se necesitar\u00edan seis \u00e1rboles; gracias al reciclaje de madera, no ser\u00e1 necesario talar ning\u00fan \u00e1rbol.<\/p>\n<p>El uso de productos reciclados disminuye el consumo de energ\u00eda. Si se consumen menos combustibles f\u00f3siles, se generar\u00e1 menos CO2 y, por lo tanto, habr\u00e1 menos lluvia \u00e1cida y se reducir\u00e1 el efecto invernadero.<\/p>\n<\/div><\/div><\/div><\/div><\/section><section class=\"vc_row wpb_row vc_row-fluid  vc_custom_1673028623980\"><div class=\"wpb_column vc_column_container col-xs-mobile-fullwidth vc_col-sm-12\"><div class=\"vc_column-inner\"><div class=\"wpb_wrapper\"><blockquote class=\"blockquote-style-1 hongo-blockquote-1-1\"><div class=\"blockquote-content alt-font\"><p>Utilizando el reciclaje de la madera estamos contribuyendo a la conservaci\u00f3n de la vida en nuestro planeta.<\/p>\n<\/div><footer class=\"author alt-font\">Ra\u00fal E. M\u00f3naco<\/footer><\/blockquote><\/div><\/div><\/div><\/section><section class=\"vc_row wpb_row vc_row-fluid  vc_custom_1534935374674\"><div class=\"wpb_column vc_column_container col-xs-mobile-fullwidth vc_col-sm-12\"><div class=\"vc_column-inner vc_custom_1565354453063\"><div class=\"wpb_wrapper\"><div class=\"text-block-content hongo-text-block-2 vc_custom_1673028854383 last-paragraph-no-margin  hongo_responsive_1673028854385\"><p>Datos interesantes sobre d\u00f3nde reciclar: <a href=\"http:\/\/www.dondereciclo.org.ar\/\">www.dondereciclo.org.ar<\/a><\/p>\n<p>Luego de su vida \u00fatil normal para cada tipo de mueble, la mayor\u00eda de nuestros productos pueden ser reciclados o reutilizados, te sugerimos que antes de desecharlo consideres esa opci\u00f3n o te pongas en contacto con la empresa. Conoc\u00e9 <a href=\"http:\/\/raulmonaco.com.ar\/index.php\/2023\/01\/06\/politica-de-gestion-de-la-empresa-raul-e-monaco\/\" target=\"_blank\" rel=\"noopener\">nuestra Pol\u00edtica de Gesti\u00f3n<\/a> \u00a1Gracias!<\/p>\n<\/div><\/div><\/div><\/div><div class=\"wpb_column vc_column_container col-xs-mobile-fullwidth vc_col-sm-12 clear-both\" data-clear-both=\"clear-both\"><div class=\"vc_column-inner vc_custom_1673029309160\"><div class=\"wpb_wrapper\"><div class=\"special-content-block-1 block-style-1-1 vc_custom_1673029189731  hongo_responsive_1673029189732\"><div class=\"block-img\"><img loading=\"lazy\" decoding=\"async\" width=\"1000\" height=\"1175\" src=\"http:\/\/raulmonaco.com.ar\/wp-content\/uploads\/2023\/01\/raulemonaco-reciclar-madera-2.jpg\" class=\"\" alt=\"\" title=\"\" srcset=\"http:\/\/raulmonaco.com.ar\/wp-content\/uploads\/2023\/01\/raulemonaco-reciclar-madera-2.jpg 1000w, http:\/\/raulmonaco.com.ar\/wp-content\/uploads\/2023\/01\/raulemonaco-reciclar-madera-2-255x300.jpg 255w, http:\/\/raulmonaco.com.ar\/wp-content\/uploads\/2023\/01\/raulemonaco-reciclar-madera-2-871x1024.jpg 871w, http:\/\/raulmonaco.com.ar\/wp-content\/uploads\/2023\/01\/raulemonaco-reciclar-madera-2-768x902.jpg 768w, http:\/\/raulmonaco.com.ar\/wp-content\/uploads\/2023\/01\/raulemonaco-reciclar-madera-2-84x99.jpg 84w, http:\/\/raulmonaco.com.ar\/wp-content\/uploads\/2023\/01\/raulemonaco-reciclar-madera-2-200x235.jpg 200w, http:\/\/raulmonaco.com.ar\/wp-content\/uploads\/2023\/01\/raulemonaco-reciclar-madera-2-450x529.jpg 450w, http:\/\/raulmonaco.com.ar\/wp-content\/uploads\/2023\/01\/raulemonaco-reciclar-madera-2-672x790.jpg 672w, http:\/\/raulmonaco.com.ar\/wp-content\/uploads\/2023\/01\/raulemonaco-reciclar-madera-2-360x423.jpg 360w, http:\/\/raulmonaco.com.ar\/wp-content\/uploads\/2023\/01\/raulemonaco-reciclar-madera-2-800x940.jpg 800w\" sizes=\"auto, (max-width: 1000px) 100vw, 1000px\" \/><\/div><div class=\"block-content\"><div class=\"hongo-content\"><p><span style=\"color: #000000;\"><em><strong>\u00bfNecesit\u00e1s mobiliario para un proyecto de gran escala?<\/strong><\/em><\/span><\/p>\n<div><\/div>\n<div>Somos RA\u00daL E. M\u00d3NACO, una empresa con <strong>m\u00e1s de 30 a\u00f1os de experiencia<\/strong>. Nos dedicamos a la <strong>fabricaci\u00f3n, distribuci\u00f3n y comercializaci\u00f3n<\/strong> de equipamientos escolares y mobiliario de oficina exclusivamente en <strong>proyectos de gran escala para empresas y organismos<\/strong>.<\/div>\n<div><\/div>\n<\/div><\/div><\/div><div class=\"text-block-content hongo-text-block-3 last-paragraph-no-margin  hongo_responsive_1685485097838\"><div><\/div>\n<div><strong>\u00a1MUCHAS GRACIAS POR SU INTER\u00c9S EN RA\u00daL E. M\u00d3NACO!<\/strong><\/div>\n<div><\/div>\n<\/div><\/div><\/div><\/div><\/section><section class=\"vc_row wpb_row vc_row-fluid  vc_custom_1565413481467    hongo_responsive_1565413481474\"><div class=\"wpb_column vc_column_container col-xs-mobile-fullwidth vc_col-sm-12\"><div class=\"vc_column-inner\"><div class=\"wpb_wrapper\">[vc_separator color=&#8221;custom&#8221; accent_color=&#8221;#e8e8e8&#8243; css=&#8221;.vc_custom_1550723435420{margin-bottom: 0px !important;border-top-width: 1px !important;border-right-width: 0px !important;border-bottom-width: 0px !important;border-left-width: 0px !important;}&#8221;]<\/div><\/div><\/div><\/section>\n","protected":false},"excerpt":{"rendered":"Un producto fabricado con madera tiene un ciclo de vida m\u00e1s largo de lo que podr\u00edamos imaginar. Cuando pareciera que termina la vida \u00fatil de un manufacturado de madera, aparecen numerosas posibilidades de reutilizaci\u00f3n. Por ejemplo, viejas vigas pueden ser utilizadas como pavimento, transform\u00e1ndose en un fascinante elemento decorativo, o pueden ser utilizadas como tablones para distintos usos. La madera triturada puede recuperarse y desarrollar un nuevo papel en la composici\u00f3n de tableros y aglomerados utilizados en distintos campos: arquitectura, industria y decoraci\u00f3n. Adem\u00e1s, se puede utilizar la viruta para transformarla en celulosa. La madera tambi\u00e9n se puede convertir en una mezcla org\u00e1nica descompuesta y transformada en un fertilizante natural para la tierra, porque la viruta y el aserr\u00edn son materiales ricos en carbono, lo cual es ideal para generar compost. Para producir una tonelada de aglomerado, se necesitar\u00edan seis \u00e1rboles; gracias al reciclaje de madera, no ser\u00e1 necesario talar ning\u00fan \u00e1rbol. El uso de productos reciclados disminuye el consumo de energ\u00eda. Si se consumen menos combustibles f\u00f3siles, se generar\u00e1 menos CO2 y, por lo tanto, habr\u00e1 menos lluvia \u00e1cida y se reducir\u00e1 el efecto invernadero. Utilizando el reciclaje de la madera estamos contribuyendo a la conservaci\u00f3n de la vida...","protected":false},"author":2,"featured_media":99753,"comment_status":"open","ping_status":"open","sticky":false,"template":"","format":"standard","meta":{"footnotes":""},"categories":[113],"tags":[],"class_list":["post-99748","post","type-post","status-publish","format-standard","has-post-thumbnail","hentry","category-informacion-empresa"],"_links":{"self":[{"href":"http:\/\/raulmonaco.com.ar\/index.php\/wp-json\/wp\/v2\/posts\/99748","targetHints":{"allow":["GET"]}}],"collection":[{"href":"http:\/\/raulmonaco.com.ar\/index.php\/wp-json\/wp\/v2\/posts"}],"about":[{"href":"http:\/\/raulmonaco.com.ar\/index.php\/wp-json\/wp\/v2\/types\/post"}],"author":[{"embeddable":true,"href":"http:\/\/raulmonaco.com.ar\/index.php\/wp-json\/wp\/v2\/users\/2"}],"replies":[{"embeddable":true,"href":"http:\/\/raulmonaco.com.ar\/index.php\/wp-json\/wp\/v2\/comments?post=99748"}],"version-history":[{"count":9,"href":"http:\/\/raulmonaco.com.ar\/index.php\/wp-json\/wp\/v2\/posts\/99748\/revisions"}],"predecessor-version":[{"id":99906,"href":"http:\/\/raulmonaco.com.ar\/index.php\/wp-json\/wp\/v2\/posts\/99748\/revisions\/99906"}],"wp:featuredmedia":[{"embeddable":true,"href":"http:\/\/raulmonaco.com.ar\/index.php\/wp-json\/wp\/v2\/media\/99753"}],"wp:attachment":[{"href":"http:\/\/raulmonaco.com.ar\/index.php\/wp-json\/wp\/v2\/media?parent=99748"}],"wp:term":[{"taxonomy":"category","embeddable":true,"href":"http:\/\/raulmonaco.com.ar\/index.php\/wp-json\/wp\/v2\/categories?post=99748"},{"taxonomy":"post_tag","embeddable":true,"href":"http:\/\/raulmonaco.com.ar\/index.php\/wp-json\/wp\/v2\/tags?post=99748"}],"curies":[{"name":"wp","href":"https:\/\/api.w.org\/{rel}","templated":true}]}}